{"id":11139,"date":"2026-04-30T06:30:00","date_gmt":"2026-04-30T09:30:00","guid":{"rendered":"https:\/\/gastropedia.pub\/pt\/?p=11139"},"modified":"2026-04-23T11:53:19","modified_gmt":"2026-04-23T14:53:19","slug":"terapia-convencional-nas-doencas-inflamatorias-intestinais-quando-e-como-utilizar","status":"publish","type":"post","link":"https:\/\/gastropedia.pub\/pt\/gastroenterologia\/terapia-convencional-nas-doencas-inflamatorias-intestinais-quando-e-como-utilizar\/","title":{"rendered":"Terapia convencional nas doen\u00e7as inflamat\u00f3rias intestinais \u2013 quando e como utilizar"},"content":{"rendered":"<div class=\"pdfprnt-buttons pdfprnt-buttons-post pdfprnt-top-right\"><a href=\"https:\/\/gastropedia.pub\/pt\/wp-json\/wp\/v2\/posts\/11139?print=pdf\" class=\"pdfprnt-button pdfprnt-button-pdf\" target=\"_blank\" ><img decoding=\"async\" src=\"https:\/\/gastropedia.pub\/pt\/wp-content\/plugins\/pdf-print\/images\/pdf.png\" alt=\"image_pdf\" title=\"Ver PDF\" \/><\/a><a href=\"https:\/\/gastropedia.pub\/pt\/wp-json\/wp\/v2\/posts\/11139?print=print\" class=\"pdfprnt-button pdfprnt-button-print\" target=\"_blank\" ><img decoding=\"async\" src=\"https:\/\/gastropedia.pub\/pt\/wp-content\/plugins\/pdf-print\/images\/print.png\" alt=\"image_print\" title=\"Conte\u00fado de impress\u00e3o\" \/><\/a><\/div>\n<p>As doen\u00e7as inflamat\u00f3rias intestinais (DII), representadas principalmente pela <strong>doen\u00e7a de Crohn<\/strong> (DC) e <strong>retocolite ulcerativa<\/strong> (RCU), s\u00e3o condi\u00e7\u00f5es cr\u00f4nicas, imunomediadas, associadas a elevada morbidade e impacto econ\u00f4mico para o sistema de sa\u00fade.<\/p>\n\n\n\n<p>A escolha do melhor tratamento para cada perfil de paciente deve ser baseada em fatores como: gravidade da doen\u00e7a, presen\u00e7a de fatores de mau progn\u00f3stico, caracter\u00edsticas de cada paciente (idade, comorbidades, prefer\u00eancias por via de administra\u00e7\u00e3o, dentre outros), al\u00e9m de disponibilidade de acesso \u00e0s medica\u00e7\u00f5es (seja no sistema \u00fanico de sa\u00fade \u2013 SUS, ou no setor privado).<\/p>\n\n\n\n<p>Por defini\u00e7\u00e3o, as chamadas \u201c<strong>terapias convencionais<\/strong>\u201d, englobam:<\/p>\n\n\n\n<ul class=\"wp-block-list\">\n<li>Corticoesteroides;<\/li>\n\n\n\n<li>Derivados aminossalicilatos (mesalazina e sulfassalazina);<\/li>\n\n\n\n<li>Imunossupressores (tiopurinas: azatioprina, 6-mercaptopurina, metotrexato).<\/li>\n<\/ul>\n\n\n\n<p>Por outro lado, as \u201c<strong>terapias avan\u00e7adas<\/strong>\u201d s\u00e3o:<\/p>\n\n\n\n<ul class=\"wp-block-list\">\n<li>Anti-TNFs &#8211; fator de necrose tumoral (infliximabe, adalimumabe, golimumabe, certolizumabe);<\/li>\n\n\n\n<li>Anti-Integrina (vedolizumabe);<\/li>\n\n\n\n<li>Anti-Interleucinas (ustequinumabe, guselcumabe, risanquizumabe, mirikizumabe);<\/li>\n\n\n\n<li>Pequenas mol\u00e9culas (tofacitinibe, upadaticinibe, ozanimode, etrasimode).<\/li>\n<\/ul>\n\n\n\n<h2 class=\"wp-block-heading\" id=\"h-terapia-convencional-na-retocolite-ulcerativa-rcu\"><br><strong>Terapia Convencional na Retocolite Ulcerativa (RCU)<\/strong><\/h2>\n\n\n\n<p>Para avaliar a <strong>gravidade da doen\u00e7a<\/strong> nos pacientes com RCU, devem ser levados em considera\u00e7\u00e3o:<\/p>\n\n\n\n<ul class=\"wp-block-list\">\n<li>Presen\u00e7a e intensidade dos sintomas (sangramento retal, frequ\u00eancia evacuat\u00f3ria, urg\u00eancia);<\/li>\n\n\n\n<li>Altera\u00e7\u00e3o em marcadores laboratoriais (eleva\u00e7\u00e3o de prote\u00edna C reativa \u2013 PCR e da calprotectina fecal, albumina s\u00e9rica baixa);<\/li>\n\n\n\n<li>Extens\u00e3o da doen\u00e7a (proctite, colite esquerda ou pancolite) \u2013 Vide imagem abaixo;<\/li>\n<\/ul>\n\n\n<div class=\"wp-block-image\">\n<figure class=\"aligncenter size-full\"><a href=\"https:\/\/gastropedia.pub\/pt\/?attachment_id=11140\"><img fetchpriority=\"high\" decoding=\"async\" width=\"372\" height=\"223\" src=\"https:\/\/gastropedia.pub\/pt\/wp-content\/uploads\/2026\/04\/classificacao-retocolite-figura.png\" alt=\"\" class=\"wp-image-11140\" srcset=\"https:\/\/gastropedia.pub\/pt\/wp-content\/uploads\/2026\/04\/classificacao-retocolite-figura.png 372w, https:\/\/gastropedia.pub\/pt\/wp-content\/uploads\/2026\/04\/classificacao-retocolite-figura-300x180.png 300w\" sizes=\"(max-width: 372px) 100vw, 372px\" \/><\/a><figcaption class=\"wp-element-caption\">CLASSIFICA\u00c7\u00c3O DA RETOCOLITE COM BASE NA EXTENS\u00c3O DA DOEN\u00c7A<br>A: Proctite; B: Retossigmoidite; C: Colite esquerda; D, E e F: Pancolite (F: acometimento concomitante de RCU com Colangite Esclerosante Prim\u00e1ria \u2013 CEP, com o reto poupado).<br>Adaptado de: David T. Rubin, et al. Am J Gastroenterol 2025<\/figcaption><\/figure>\n<\/div>\n\n\n<ul class=\"wp-block-list\">\n<li>Avalia\u00e7\u00e3o do grau de atividade endosc\u00f3pica (conforme escores endosc\u00f3picos validados: Escore Endosc\u00f3pico de Mayo \u2013 MES, UCEIS).\n<ul class=\"wp-block-list\">\n<li>Pancolite (doen\u00e7a mais extensa);<\/li>\n\n\n\n<li>Atividade endosc\u00f3pica intensa (MES = 3, UCEIS \u2265 7);<\/li>\n<\/ul>\n<\/li>\n\n\n\n<li>Hist\u00f3rico de hospitaliza\u00e7\u00e3o pr\u00e9via;<\/li>\n\n\n\n<li>Eleva\u00e7\u00e3o da PCR;<\/li>\n\n\n\n<li>Baixos n\u00edveis s\u00e9ricos de albumina.<\/li>\n<\/ul>\n\n\n\n<p>Desta forma, estar\u00e1 indicado uso de <strong>terapia avan\u00e7ada<\/strong> nos pacientes:<\/p>\n\n\n\n<ul class=\"wp-block-list\">\n<li>Portadores de doen\u00e7a moderada a grave;<\/li>\n\n\n\n<li>Naqueles com doen\u00e7a leve a moderada com fatores de mau progn\u00f3stico; <strong>e\/ou<\/strong><\/li>\n\n\n\n<li>Nos que tenham falhado ou desenvolvam intoler\u00e2ncia \u00e0 terapia convencional.<\/li>\n<\/ul>\n\n\n\n<p>J\u00e1 a <strong>terapia convencional<\/strong>, fica reservada para os indiv\u00edduos portadores de RCU leve a moderada, <strong>SEM<\/strong> fatores de mau progn\u00f3stico. Neste perfil de paciente, est\u00e1 indicado, como primeira linha, uso dos aminossalicilatos (mesalazina, sulfassalazina). A escolha da formula\u00e7\u00e3o e da via de administra\u00e7\u00e3o depende da localiza\u00e7\u00e3o\/extens\u00e3o da doen\u00e7a:<\/p>\n\n\n\n<ul class=\"wp-block-list\">\n<li><strong>Proctite: <\/strong>A abordagem preferencial para indu\u00e7\u00e3o \u00e9 a terapia t\u00f3pica com <strong>suposit\u00f3rio<\/strong> de derivado 5-aminosalicilato (5-ASA), geralmente na dose de 1 g ao dia por cerca de 8 semanas. Havendo boa resposta, a manuten\u00e7\u00e3o pode ser feita com aplica\u00e7\u00e3o intermitente, como 1 g tr\u00eas vezes por semana.\u00a0Em caso de falha, a literatura indica que pode ser tentado uso de suposit\u00f3rio de corticoide ou de tacrolimos.<\/li>\n<\/ul>\n\n\n\n<ul class=\"wp-block-list\">\n<li><strong>Colite esquerda: <\/strong>H\u00e1 evid\u00eancia de superioridade no uso de <strong>terapia<\/strong> <strong>combinada<\/strong> t\u00f3pica + sist\u00eamica, na <strong>indu\u00e7\u00e3o<\/strong> de remiss\u00e3o, em compara\u00e7\u00e3o com terapia sist\u00eamica isolada. Ou seja, deve-se utilizar enema 5-ASA (1 g\/dia) + 5-ASA oral (\u2265 2 g\/dia) na indu\u00e7\u00e3o, seguido de <strong>manuten\u00e7\u00e3o<\/strong> com terapia sist\u00eamica: 5-ASA oral, \u2265 2g\/dia, cont\u00ednuo. Uma alternativa consiste no uso de enema de corticoide para <strong>indu\u00e7\u00e3o<\/strong> e\/ou corticoide t\u00f3pico (Budesonida MMX, de libera\u00e7\u00e3o col\u00f4nica, 9 mg\/dia) ou sist\u00eamico (Prednisona 0,5-0,75 mg\/kg).<\/li>\n<\/ul>\n\n\n\n<ul class=\"wp-block-list\">\n<li><strong>Pancolite: <\/strong>Na doen\u00e7a extensa, utilizar para <strong>indu\u00e7\u00e3o<\/strong> 5-ASA <strong>oral<\/strong> \u2265 2 g\/dia. Em caso de falha, pode ser <strong>adicionado<\/strong> corticoide t\u00f3pico \u2013 Budesonida MMX 9 mg\/dia, ou sist\u00eamico \u2013 Prednisona, para indu\u00e7\u00e3o. Na <strong>manuten\u00e7\u00e3o<\/strong>, utilizar 5-ASA Oral, sempre em doses \u2265 2 g\/dia, cont\u00ednuo.<\/li>\n<\/ul>\n\n\n\n<p><strong>Cabe ressaltar que: corticoesteroides (t\u00f3picos ou sist\u00eamicos), n\u00e3o devem ser utilizados para manuten\u00e7\u00e3ode remiss\u00e3o. <\/strong>Somente geram indu\u00e7\u00e3o de remiss\u00e3o <strong>cl\u00ednica<\/strong>, devendo seu uso ser feito pelo <strong>menor<\/strong> intervalo de tempo necess\u00e1rio, com <strong>desmame<\/strong> gradual, assim que obtiver o adequado controle dos sintomas.<\/p>\n\n\n\n<p>Quanto \u00e0s <strong>tiopurinas<\/strong> (azatioprina \u2013 AZA, 6-mercaptopurina \u2013 6-MCP), ambas possuem in\u00edcio de a\u00e7\u00e3o lento, e, portanto, <strong>n\u00e3o<\/strong> <strong>induzem<\/strong> remiss\u00e3o. Alguns ensaios cl\u00ednicos randomizados e controlados, mais antigos, demonstraram superioridade da AZA, em compara\u00e7\u00e3o com placebo, na <strong>preven\u00e7\u00e3o de reca\u00edda<\/strong> (RR=0.60; 95% CI=0.37\u20130.95). Contudo, a qualidade de evid\u00eancia destes estudos \u00e9 baixa a muito baixa. Assim, as tiopurinas podem ser utilizadas para <strong>manuten\u00e7\u00e3o<\/strong> de remiss\u00e3o, em pacientes com RCU que necessitem de corticoesteroide para indu\u00e7\u00e3o de remiss\u00e3o (<em>*recomenda\u00e7\u00e3o condicional, baixa qualidade de evid\u00eancia<\/em>). Seu uso \u00e9 principalmente indicado em associa\u00e7\u00e3o com anti-TNF (infliximabe), como terapia combinada ou para redu\u00e7\u00e3o de imunogenicidade da droga.<\/p>\n\n\n\n<p><strong>Metotrexat<\/strong>o (MTX) falhou em demonstrar benef\u00edcio em pacientes com RCU para preven\u00e7\u00e3o de reca\u00edda, tanto em formula\u00e7\u00f5es via oral ou parenteral. Portanto, seu uso n\u00e3o est\u00e1 rotineiramente indicado, exceto em casos de uso em conjunto com anti-TNFs para redu\u00e7\u00e3o de imunogenicidade.<\/p>\n\n\n\n<h2 class=\"wp-block-heading\" id=\"h-terapia-convencional-na-doenca-de-crohn\"><br><strong>Terapia Convencional na Doen\u00e7a de Crohn<\/strong><\/h2>\n\n\n\n<p>Na doen\u00e7a de Crohn (DC), <strong>n\u00e3o<\/strong> h\u00e1 evid\u00eancia para uso de derivados 5-aminosalicilatos (5-ASA) e, portanto, seu uso <strong>n\u00e3o<\/strong> \u00e9 recomendado (aus\u00eancia de superioridade em rela\u00e7\u00e3o ao placebo).<\/p>\n\n\n\n<p>Em pacientes com <strong>doen\u00e7a ileal leve<\/strong> (inflamat\u00f3ria, n\u00e3o estenosante, n\u00e3o fistulizante), pode ser utilizado corticoesteroide \u2013 <strong>Budesonida<\/strong> 9 mg\/dia, por curto per\u00edodo (8-12 semanas). Novamente, ressalta-se que corticoide n\u00e3o deve ser utilizado como terapia de manuten\u00e7\u00e3o.<\/p>\n\n\n\n<p>Ensaio cl\u00ednico randomizado, controlado, multic\u00eantrico, demonstrou que, na DC, terapia avan\u00e7ada combinada precocemente (estrat\u00e9gia conhecida como: \u201ctop down\u201d) \u00e9 <strong>superior<\/strong> \u00e0 abordagem \u201cstep up\u201d (ou seja, iniciar com corticoesteroides, seguido de imunossupressores e, apenas ap\u00f3s falha, terapia biol\u00f3gica). Assim, <strong>n\u00e3o se deve aguardar falha \u00e0 terapia convencional para indicar terapia avan\u00e7ada<\/strong>.<\/p>\n\n\n\n<p>Imunossupressores (azatioprina, 6-mercaptopurina, metotrexato) est\u00e3o indicados na DC como terapia <strong>adjunta<\/strong> com biol\u00f3gicos (anti-TNFs), para redu\u00e7\u00e3o de imunogenicidade. Alguns estudos demonstram que <strong>MTX<\/strong>, administrado via <strong>parenteral<\/strong> (25 mg\/semana, por 12-16 semanas, seguido de 15 mg\/semana), \u00e9 capaz de prevenir reca\u00edda na DC, podendo ser utilizado, portanto, como terapia de manuten\u00e7\u00e3o.<\/p>\n\n\n\n<h2 class=\"wp-block-heading\" id=\"h-resumo-das-medicacoes-terapia-convencional-e-dosagens\"><br><strong>Resumo das Medica\u00e7\u00f5es (Terapia Convencional) e Dosagens<\/strong><\/h2>\n\n\n\n<figure class=\"wp-block-table is-style-stripes\"><div class=\"pcrstb-wrap\"><table class=\"has-pale-ocean-gradient-background has-background has-fixed-layout\"><thead><tr><th>Medica\u00e7\u00e3o<\/th><th>Dose<\/th><th>Prescri\u00e7\u00e3o<\/th><\/tr><\/thead><tbody><tr><td>Mesalazina suposit\u00f3rio ou enema<\/td><td>500 mg &#8211; 1 g<\/td><td>Aplicar \u00e0 noite, VR diariamente (indu\u00e7\u00e3o) ou 3x\/semana (manuten\u00e7\u00e3o)<\/td><\/tr><tr><td>Mesalazina oral<\/td><td>\u2265 2g\/dia<\/td><td>Dose \u00fanica ou dividida<\/td><\/tr><tr><td>Sulfassalazina<\/td><td>\u2265 2g\/dia<\/td><td>Dose \u00fanica ou dividida<br>*EC mais frequentes<\/td><\/tr><tr><td>Budesonida<\/td><td>9 mg\/dia<\/td><td>1x ao dia, 8-12 semanas<\/td><\/tr><tr><td>Prednisona<\/td><td>0,5-0,75 mg\/kg, dose m\u00e1xima 60 mg\/dia (<strong>apenas para indu\u00e7\u00e3o<\/strong> de remiss\u00e3o)<\/td><td>1x ao dia<br>*manter pelo menor tempo poss\u00edvel, desmame gradual<br>**iniciar em conjunto com terapia poupadora de corticoide<\/td><\/tr><tr><td>Azatioprina<\/td><td>Iniciar com 50 mg\/dia<br>Aumento progressivo de dose para 2-2,5 mg\/kg<\/td><td>1x ao dia<\/td><\/tr><tr><td>6-Mercaptopurina<\/td><td>1-1,5 mg\/kg\/dia<\/td><td>1x ao dia<\/td><\/tr><tr><td>Metotrexato<\/td><td>IM ou SC: 25 mg\/semana, 12-16 semanas; ap\u00f3s: 15 mg\/semana<br>VO: 12,5 &#8211; 22,5 mg\/dia<\/td><td>Semanal (SC ou IM), 1x\/dia (VO)<br>Realizar reposi\u00e7\u00e3o concomitante de \u00e1cido f\u00f3lico<\/td><\/tr><\/tbody><\/table><\/div><figcaption class=\"wp-element-caption\"><br><strong>VR:<\/strong> Via retal; <strong>EC:<\/strong> Efeitos colaterais; <strong>IM:<\/strong> Intramuscular; <strong>SC:<\/strong> Subcut\u00e2neo; <strong>VO:<\/strong> Via oral; <strong>AF:<\/strong> \u00c1cido f\u00f3lico<br><br><br><\/figcaption><\/figure>\n\n\n\n<h2 class=\"wp-block-heading\" id=\"h-referencias\"><br><strong>Refer\u00eancias<\/strong><\/h2>\n\n\n\n<ol class=\"wp-block-list\">\n<li>David T. Rubin, et al. ACG Clinical Guideline Update: Ulcerative Colitis in Adults. Am J Gastroenterol 2025;120:1187\u20131224.<\/li>\n\n\n\n<li>Gary R. Lichtenstein, et al. ACG Clinical Guideline: Management of Crohn\u2019s Disease in Adults. Am J Gastroenterol 2025;120:1225\u20131264.<\/li>\n\n\n\n<li>Marshall JK, et al. Rectal 5-aminosalicylic acid for induction of remission in ulcerative colitis. Cochrane Database Syst Rev 2010.<\/li>\n\n\n\n<li>Ford AC, Khan KJ, Sandborn WJ, et al. E\ufb03cacy of topical 5-aminosalicylates in preventing relapse of quiescent ulcerative colitis: A meta-analysis. Clin Gastroenterol Hepatol 2012.<\/li>\n\n\n\n<li>Ford AC, et al. E\ufb03cacy of oral vs. topical, or combined oral and topical 5-aminosalicylates, in ulcerative colitis: Systematic review and meta-analysis. Am J Gastroenterol 2012.<\/li>\n\n\n\n<li>Travis SP, et al. Once-daily budesonide MMX in active, mild-to-moderate ulcerative colitis: Results from the randomised CORE II study. Gut 2014.<\/li>\n\n\n\n<li>Sherlock ME, et al. Oral budesonide for induction of remission in ulcerative colitis. Cochrane Database of Syst Rev 2015.<\/li>\n\n\n\n<li>Wang Y, et al. Oral 5-aminosalicylic acid for induction of remission in ulcerative colitis. Cochrane Database Syst Rev 2016.<\/li>\n\n\n\n<li>Murray A, et al. Oral 5-aminosalicylic acid for maintenance of remission in ulcerative colitis. Cochrane Database of Syst Rev 2020.<\/li>\n\n\n\n<li>Khan KJ, et al. E\ufb03cacy of immunosuppressive therapy for inflammatory bowel disease: A systematic review and meta-analysis. Am J Gastroenterol 2011.<\/li>\n\n\n\n<li>Timmer A, et al. Azathioprine and 6-mercaptopurine for maintenance of remission in ulcerative colitis. Cochrane Database of Syst Rev 2016.<\/li>\n\n\n\n<li>Herfarth H, et al. Methotrexate is not superior to placebo in maintaining steroid-free response or remission in ulcerative colitis. Gastroenterology 2018.<\/li>\n\n\n\n<li>Noor NM, et al. A biomarker-stratified comparison of top-down versus accelerated step-up treatment strategies for patients with newly diagnosed Crohn\u2019s disease (PROFILE): A multicentre, open-label randomised controlled trial. Lancet Gastroenterol Hepatol 2024.<\/li>\n<\/ol>\n\n\n\n<h2 class=\"wp-block-heading\" id=\"h-como-citar-este-artigo\"><strong>Como citar este artigo<\/strong><\/h2>\n\n\n\n<p class=\"has-very-light-gray-to-cyan-bluish-gray-gradient-background has-background\">Mattos PSL, Terapia convencional nas doen\u00e7as inflamat\u00f3rias intestinais \u2013 quando e como utilizar Gastropedia 2026, Vol II. Dispon\u00edvel em: <a href=\"https:\/\/gastropedia.pub\/pt\/?p=11139\" target=\"_blank\" rel=\"noreferrer noopener\">https:\/\/gastropedia.pub\/pt\/gastroenterologia\/terapia-convencional-nas-doencas-inflamatorias-intestinais-quando-e-como-utilizar\/<\/a><\/p>\n\n\n\n<p><\/p>\n","protected":false},"excerpt":{"rendered":"<p>As doen\u00e7as inflamat\u00f3rias intestinais (DII), representadas principalmente pela doen\u00e7a de Crohn (DC) e retocolite ulcerativa (RCU), s\u00e3o condi\u00e7\u00f5es cr\u00f4nicas, imunomediadas, associadas a elevada morbidade e impacto econ\u00f4mico para o sistema&hellip;<\/p>\n","protected":false},"author":5894,"featured_media":11146,"comment_status":"open","ping_status":"open","sticky":false,"template":"","format":"standard","meta":{"_lmt_disableupdate":"","_lmt_disable":"","footnotes":""},"categories":[18,22],"tags":[],"ano":[423],"tipo":[121],"volume":[57],"class_list":["post-11139","post","type-post","status-publish","format-standard","has-post-thumbnail","hentry","category-gastroenterologia","category-intestino","ano-423","tipo-assuntos-gerais","volume-volume-i"],"yoast_head":"<!-- This site is optimized with the Yoast SEO Premium plugin v27.2 (Yoast SEO v27.3) - https:\/\/yoast.com\/product\/yoast-seo-premium-wordpress\/ -->\n<title>Terapia convencional nas doen\u00e7as inflamat\u00f3rias intestinais \u2013 quando e como utilizar - Gastropedia<\/title>\n<meta name=\"description\" content=\"Quando usar terapia convencional nas DII: 5-ASA, corticoides e imunossupressores na retocolite ulcerativa e doen\u00e7a de Crohn.\" \/>\n<meta name=\"robots\" content=\"index, follow, max-snippet:-1, max-image-preview:large, max-video-preview:-1\" \/>\n<link rel=\"canonical\" href=\"https:\/\/gastropedia.pub\/pt\/gastroenterologia\/terapia-convencional-nas-doencas-inflamatorias-intestinais-quando-e-como-utilizar\/\" \/>\n<meta property=\"og:locale\" content=\"pt_BR\" \/>\n<meta property=\"og:type\" content=\"article\" \/>\n<meta property=\"og:title\" content=\"Terapia convencional nas doen\u00e7as inflamat\u00f3rias intestinais \u2013 quando e como utilizar\" \/>\n<meta property=\"og:description\" content=\"Quando usar terapia convencional nas DII: 5-ASA, corticoides e imunossupressores na retocolite ulcerativa e doen\u00e7a de Crohn.\" \/>\n<meta property=\"og:url\" content=\"https:\/\/gastropedia.pub\/pt\/gastroenterologia\/terapia-convencional-nas-doencas-inflamatorias-intestinais-quando-e-como-utilizar\/\" \/>\n<meta property=\"og:site_name\" content=\"Gastropedia\" \/>\n<meta property=\"article:published_time\" content=\"2026-04-30T09:30:00+00:00\" \/>\n<meta property=\"og:image\" content=\"https:\/\/gastropedia.pub\/pt\/wp-content\/uploads\/2026\/04\/IMAGEM-TERAPIA-CONVENCIONAL-NAS-DOENC\u0327AS-INFLAMATO\u0301RIAS-INTESTINAIS.png\" \/>\n\t<meta property=\"og:image:width\" content=\"850\" \/>\n\t<meta property=\"og:image:height\" content=\"464\" \/>\n\t<meta property=\"og:image:type\" content=\"image\/png\" \/>\n<meta name=\"author\" content=\"Patr\u00edcia Santiago Liberato de Mattos\" \/>\n<meta name=\"twitter:card\" content=\"summary_large_image\" \/>\n<meta name=\"twitter:label1\" content=\"Escrito por\" \/>\n\t<meta name=\"twitter:data1\" content=\"Patr\u00edcia Santiago Liberato de Mattos\" \/>\n\t<meta name=\"twitter:label2\" content=\"Est. tempo de leitura\" \/>\n\t<meta name=\"twitter:data2\" content=\"8 minutos\" \/>\n<script type=\"application\/ld+json\" class=\"yoast-schema-graph\">{\"@context\":\"https:\\\/\\\/schema.org\",\"@graph\":[{\"@type\":\"Article\",\"@id\":\"https:\\\/\\\/gastropedia.pub\\\/pt\\\/gastroenterologia\\\/terapia-convencional-nas-doencas-inflamatorias-intestinais-quando-e-como-utilizar\\\/#article\",\"isPartOf\":{\"@id\":\"https:\\\/\\\/gastropedia.pub\\\/pt\\\/gastroenterologia\\\/terapia-convencional-nas-doencas-inflamatorias-intestinais-quando-e-como-utilizar\\\/\"},\"author\":{\"name\":\"Patr\u00edcia Santiago Liberato de Mattos\",\"@id\":\"https:\\\/\\\/gastropedia.pub\\\/pt\\\/#\\\/schema\\\/person\\\/ee081cd6dd37594fe311783eaa7195cb\"},\"headline\":\"Terapia convencional nas doen\u00e7as inflamat\u00f3rias intestinais \u2013 quando e como utilizar\",\"datePublished\":\"2026-04-30T09:30:00+00:00\",\"mainEntityOfPage\":{\"@id\":\"https:\\\/\\\/gastropedia.pub\\\/pt\\\/gastroenterologia\\\/terapia-convencional-nas-doencas-inflamatorias-intestinais-quando-e-como-utilizar\\\/\"},\"wordCount\":1515,\"commentCount\":0,\"image\":{\"@id\":\"https:\\\/\\\/gastropedia.pub\\\/pt\\\/gastroenterologia\\\/terapia-convencional-nas-doencas-inflamatorias-intestinais-quando-e-como-utilizar\\\/#primaryimage\"},\"thumbnailUrl\":\"https:\\\/\\\/gastropedia.pub\\\/pt\\\/wp-content\\\/uploads\\\/2026\\\/04\\\/IMAGEM-TERAPIA-CONVENCIONAL-NAS-DOENC\u0327AS-INFLAMATO\u0301RIAS-INTESTINAIS.png\",\"articleSection\":[\"Gastroenterologia\",\"Intestino\"],\"inLanguage\":\"pt-BR\",\"potentialAction\":[{\"@type\":\"CommentAction\",\"name\":\"Comment\",\"target\":[\"https:\\\/\\\/gastropedia.pub\\\/pt\\\/gastroenterologia\\\/terapia-convencional-nas-doencas-inflamatorias-intestinais-quando-e-como-utilizar\\\/#respond\"]}]},{\"@type\":\"WebPage\",\"@id\":\"https:\\\/\\\/gastropedia.pub\\\/pt\\\/gastroenterologia\\\/terapia-convencional-nas-doencas-inflamatorias-intestinais-quando-e-como-utilizar\\\/\",\"url\":\"https:\\\/\\\/gastropedia.pub\\\/pt\\\/gastroenterologia\\\/terapia-convencional-nas-doencas-inflamatorias-intestinais-quando-e-como-utilizar\\\/\",\"name\":\"Terapia convencional nas doen\u00e7as inflamat\u00f3rias intestinais \u2013 quando e como utilizar - Gastropedia\",\"isPartOf\":{\"@id\":\"https:\\\/\\\/gastropedia.pub\\\/pt\\\/#website\"},\"primaryImageOfPage\":{\"@id\":\"https:\\\/\\\/gastropedia.pub\\\/pt\\\/gastroenterologia\\\/terapia-convencional-nas-doencas-inflamatorias-intestinais-quando-e-como-utilizar\\\/#primaryimage\"},\"image\":{\"@id\":\"https:\\\/\\\/gastropedia.pub\\\/pt\\\/gastroenterologia\\\/terapia-convencional-nas-doencas-inflamatorias-intestinais-quando-e-como-utilizar\\\/#primaryimage\"},\"thumbnailUrl\":\"https:\\\/\\\/gastropedia.pub\\\/pt\\\/wp-content\\\/uploads\\\/2026\\\/04\\\/IMAGEM-TERAPIA-CONVENCIONAL-NAS-DOENC\u0327AS-INFLAMATO\u0301RIAS-INTESTINAIS.png\",\"datePublished\":\"2026-04-30T09:30:00+00:00\",\"author\":{\"@id\":\"https:\\\/\\\/gastropedia.pub\\\/pt\\\/#\\\/schema\\\/person\\\/ee081cd6dd37594fe311783eaa7195cb\"},\"description\":\"Quando usar terapia convencional nas DII: 5-ASA, corticoides e imunossupressores na retocolite ulcerativa e doen\u00e7a de Crohn.\",\"breadcrumb\":{\"@id\":\"https:\\\/\\\/gastropedia.pub\\\/pt\\\/gastroenterologia\\\/terapia-convencional-nas-doencas-inflamatorias-intestinais-quando-e-como-utilizar\\\/#breadcrumb\"},\"inLanguage\":\"pt-BR\",\"potentialAction\":[{\"@type\":\"ReadAction\",\"target\":[\"https:\\\/\\\/gastropedia.pub\\\/pt\\\/gastroenterologia\\\/terapia-convencional-nas-doencas-inflamatorias-intestinais-quando-e-como-utilizar\\\/\"]}]},{\"@type\":\"ImageObject\",\"inLanguage\":\"pt-BR\",\"@id\":\"https:\\\/\\\/gastropedia.pub\\\/pt\\\/gastroenterologia\\\/terapia-convencional-nas-doencas-inflamatorias-intestinais-quando-e-como-utilizar\\\/#primaryimage\",\"url\":\"https:\\\/\\\/gastropedia.pub\\\/pt\\\/wp-content\\\/uploads\\\/2026\\\/04\\\/IMAGEM-TERAPIA-CONVENCIONAL-NAS-DOENC\u0327AS-INFLAMATO\u0301RIAS-INTESTINAIS.png\",\"contentUrl\":\"https:\\\/\\\/gastropedia.pub\\\/pt\\\/wp-content\\\/uploads\\\/2026\\\/04\\\/IMAGEM-TERAPIA-CONVENCIONAL-NAS-DOENC\u0327AS-INFLAMATO\u0301RIAS-INTESTINAIS.png\",\"width\":850,\"height\":464},{\"@type\":\"BreadcrumbList\",\"@id\":\"https:\\\/\\\/gastropedia.pub\\\/pt\\\/gastroenterologia\\\/terapia-convencional-nas-doencas-inflamatorias-intestinais-quando-e-como-utilizar\\\/#breadcrumb\",\"itemListElement\":[{\"@type\":\"ListItem\",\"position\":1,\"name\":\"In\u00edcio\",\"item\":\"https:\\\/\\\/gastropedia.pub\\\/pt\\\/\"},{\"@type\":\"ListItem\",\"position\":2,\"name\":\"Terapia convencional nas doen\u00e7as inflamat\u00f3rias intestinais \u2013 quando e como utilizar\"}]},{\"@type\":\"WebSite\",\"@id\":\"https:\\\/\\\/gastropedia.pub\\\/pt\\\/#website\",\"url\":\"https:\\\/\\\/gastropedia.pub\\\/pt\\\/\",\"name\":\"Gastropedia\",\"description\":\"Atualiza\u00e7\u00e3o m\u00e9dica de forma descomplicada para profissionais que trabalham com sa\u00fade do aparelho digestivo.\",\"potentialAction\":[{\"@type\":\"SearchAction\",\"target\":{\"@type\":\"EntryPoint\",\"urlTemplate\":\"https:\\\/\\\/gastropedia.pub\\\/pt\\\/?s={search_term_string}\"},\"query-input\":{\"@type\":\"PropertyValueSpecification\",\"valueRequired\":true,\"valueName\":\"search_term_string\"}}],\"inLanguage\":\"pt-BR\"},{\"@type\":\"Person\",\"@id\":\"https:\\\/\\\/gastropedia.pub\\\/pt\\\/#\\\/schema\\\/person\\\/ee081cd6dd37594fe311783eaa7195cb\",\"name\":\"Patr\u00edcia Santiago Liberato de Mattos\",\"image\":{\"@type\":\"ImageObject\",\"inLanguage\":\"pt-BR\",\"@id\":\"https:\\\/\\\/gastropedia.pub\\\/pt\\\/wp-content\\\/uploads\\\/2026\\\/03\\\/cropped-Patricia.png\",\"url\":\"https:\\\/\\\/gastropedia.pub\\\/pt\\\/wp-content\\\/uploads\\\/2026\\\/03\\\/cropped-Patricia.png\",\"contentUrl\":\"https:\\\/\\\/gastropedia.pub\\\/pt\\\/wp-content\\\/uploads\\\/2026\\\/03\\\/cropped-Patricia.png\",\"caption\":\"Patr\u00edcia Santiago Liberato de Mattos\"},\"description\":\"M\u00e9dica assistente da enfermaria de Gastroenterologia e Hepatologia do HCFMUSP M\u00e9dica assistente do Centro Diagn\u00f3stico em Gastroenterologia (CDG) do HCFMUSP Resid\u00eancias de Gastroenterologia e Endoscopia Digestiva pelo HCFMUSP Prova de T\u00edtulo em Gastroenterologia pela FBG \u00c1rea de Atua\u00e7\u00e3o em Endoscopia Digestiva pela SOBED\",\"url\":\"https:\\\/\\\/gastropedia.pub\\\/pt\\\/author\\\/paty_santiago\\\/\"}]}<\/script>\n<!-- \/ Yoast SEO Premium plugin. -->","yoast_head_json":{"title":"Terapia convencional nas doen\u00e7as inflamat\u00f3rias intestinais \u2013 quando e como utilizar - Gastropedia","description":"Quando usar terapia convencional nas DII: 5-ASA, corticoides e imunossupressores na retocolite ulcerativa e doen\u00e7a de Crohn.","robots":{"index":"index","follow":"follow","max-snippet":"max-snippet:-1","max-image-preview":"max-image-preview:large","max-video-preview":"max-video-preview:-1"},"canonical":"https:\/\/gastropedia.pub\/pt\/gastroenterologia\/terapia-convencional-nas-doencas-inflamatorias-intestinais-quando-e-como-utilizar\/","og_locale":"pt_BR","og_type":"article","og_title":"Terapia convencional nas doen\u00e7as inflamat\u00f3rias intestinais \u2013 quando e como utilizar","og_description":"Quando usar terapia convencional nas DII: 5-ASA, corticoides e imunossupressores na retocolite ulcerativa e doen\u00e7a de Crohn.","og_url":"https:\/\/gastropedia.pub\/pt\/gastroenterologia\/terapia-convencional-nas-doencas-inflamatorias-intestinais-quando-e-como-utilizar\/","og_site_name":"Gastropedia","article_published_time":"2026-04-30T09:30:00+00:00","og_image":[{"width":850,"height":464,"url":"https:\/\/gastropedia.pub\/pt\/wp-content\/uploads\/2026\/04\/IMAGEM-TERAPIA-CONVENCIONAL-NAS-DOENC\u0327AS-INFLAMATO\u0301RIAS-INTESTINAIS.png","type":"image\/png"}],"author":"Patr\u00edcia Santiago Liberato de Mattos","twitter_card":"summary_large_image","twitter_misc":{"Escrito por":"Patr\u00edcia Santiago Liberato de Mattos","Est. tempo de leitura":"8 minutos"},"schema":{"@context":"https:\/\/schema.org","@graph":[{"@type":"Article","@id":"https:\/\/gastropedia.pub\/pt\/gastroenterologia\/terapia-convencional-nas-doencas-inflamatorias-intestinais-quando-e-como-utilizar\/#article","isPartOf":{"@id":"https:\/\/gastropedia.pub\/pt\/gastroenterologia\/terapia-convencional-nas-doencas-inflamatorias-intestinais-quando-e-como-utilizar\/"},"author":{"name":"Patr\u00edcia Santiago Liberato de Mattos","@id":"https:\/\/gastropedia.pub\/pt\/#\/schema\/person\/ee081cd6dd37594fe311783eaa7195cb"},"headline":"Terapia convencional nas doen\u00e7as inflamat\u00f3rias intestinais \u2013 quando e como utilizar","datePublished":"2026-04-30T09:30:00+00:00","mainEntityOfPage":{"@id":"https:\/\/gastropedia.pub\/pt\/gastroenterologia\/terapia-convencional-nas-doencas-inflamatorias-intestinais-quando-e-como-utilizar\/"},"wordCount":1515,"commentCount":0,"image":{"@id":"https:\/\/gastropedia.pub\/pt\/gastroenterologia\/terapia-convencional-nas-doencas-inflamatorias-intestinais-quando-e-como-utilizar\/#primaryimage"},"thumbnailUrl":"https:\/\/gastropedia.pub\/pt\/wp-content\/uploads\/2026\/04\/IMAGEM-TERAPIA-CONVENCIONAL-NAS-DOENC\u0327AS-INFLAMATO\u0301RIAS-INTESTINAIS.png","articleSection":["Gastroenterologia","Intestino"],"inLanguage":"pt-BR","potentialAction":[{"@type":"CommentAction","name":"Comment","target":["https:\/\/gastropedia.pub\/pt\/gastroenterologia\/terapia-convencional-nas-doencas-inflamatorias-intestinais-quando-e-como-utilizar\/#respond"]}]},{"@type":"WebPage","@id":"https:\/\/gastropedia.pub\/pt\/gastroenterologia\/terapia-convencional-nas-doencas-inflamatorias-intestinais-quando-e-como-utilizar\/","url":"https:\/\/gastropedia.pub\/pt\/gastroenterologia\/terapia-convencional-nas-doencas-inflamatorias-intestinais-quando-e-como-utilizar\/","name":"Terapia convencional nas doen\u00e7as inflamat\u00f3rias intestinais \u2013 quando e como utilizar - Gastropedia","isPartOf":{"@id":"https:\/\/gastropedia.pub\/pt\/#website"},"primaryImageOfPage":{"@id":"https:\/\/gastropedia.pub\/pt\/gastroenterologia\/terapia-convencional-nas-doencas-inflamatorias-intestinais-quando-e-como-utilizar\/#primaryimage"},"image":{"@id":"https:\/\/gastropedia.pub\/pt\/gastroenterologia\/terapia-convencional-nas-doencas-inflamatorias-intestinais-quando-e-como-utilizar\/#primaryimage"},"thumbnailUrl":"https:\/\/gastropedia.pub\/pt\/wp-content\/uploads\/2026\/04\/IMAGEM-TERAPIA-CONVENCIONAL-NAS-DOENC\u0327AS-INFLAMATO\u0301RIAS-INTESTINAIS.png","datePublished":"2026-04-30T09:30:00+00:00","author":{"@id":"https:\/\/gastropedia.pub\/pt\/#\/schema\/person\/ee081cd6dd37594fe311783eaa7195cb"},"description":"Quando usar terapia convencional nas DII: 5-ASA, corticoides e imunossupressores na retocolite ulcerativa e doen\u00e7a de Crohn.","breadcrumb":{"@id":"https:\/\/gastropedia.pub\/pt\/gastroenterologia\/terapia-convencional-nas-doencas-inflamatorias-intestinais-quando-e-como-utilizar\/#breadcrumb"},"inLanguage":"pt-BR","potentialAction":[{"@type":"ReadAction","target":["https:\/\/gastropedia.pub\/pt\/gastroenterologia\/terapia-convencional-nas-doencas-inflamatorias-intestinais-quando-e-como-utilizar\/"]}]},{"@type":"ImageObject","inLanguage":"pt-BR","@id":"https:\/\/gastropedia.pub\/pt\/gastroenterologia\/terapia-convencional-nas-doencas-inflamatorias-intestinais-quando-e-como-utilizar\/#primaryimage","url":"https:\/\/gastropedia.pub\/pt\/wp-content\/uploads\/2026\/04\/IMAGEM-TERAPIA-CONVENCIONAL-NAS-DOENC\u0327AS-INFLAMATO\u0301RIAS-INTESTINAIS.png","contentUrl":"https:\/\/gastropedia.pub\/pt\/wp-content\/uploads\/2026\/04\/IMAGEM-TERAPIA-CONVENCIONAL-NAS-DOENC\u0327AS-INFLAMATO\u0301RIAS-INTESTINAIS.png","width":850,"height":464},{"@type":"BreadcrumbList","@id":"https:\/\/gastropedia.pub\/pt\/gastroenterologia\/terapia-convencional-nas-doencas-inflamatorias-intestinais-quando-e-como-utilizar\/#breadcrumb","itemListElement":[{"@type":"ListItem","position":1,"name":"In\u00edcio","item":"https:\/\/gastropedia.pub\/pt\/"},{"@type":"ListItem","position":2,"name":"Terapia convencional nas doen\u00e7as inflamat\u00f3rias intestinais \u2013 quando e como utilizar"}]},{"@type":"WebSite","@id":"https:\/\/gastropedia.pub\/pt\/#website","url":"https:\/\/gastropedia.pub\/pt\/","name":"Gastropedia","description":"Atualiza\u00e7\u00e3o m\u00e9dica de forma descomplicada para profissionais que trabalham com sa\u00fade do aparelho digestivo.","potentialAction":[{"@type":"SearchAction","target":{"@type":"EntryPoint","urlTemplate":"https:\/\/gastropedia.pub\/pt\/?s={search_term_string}"},"query-input":{"@type":"PropertyValueSpecification","valueRequired":true,"valueName":"search_term_string"}}],"inLanguage":"pt-BR"},{"@type":"Person","@id":"https:\/\/gastropedia.pub\/pt\/#\/schema\/person\/ee081cd6dd37594fe311783eaa7195cb","name":"Patr\u00edcia Santiago Liberato de Mattos","image":{"@type":"ImageObject","inLanguage":"pt-BR","@id":"https:\/\/gastropedia.pub\/pt\/wp-content\/uploads\/2026\/03\/cropped-Patricia.png","url":"https:\/\/gastropedia.pub\/pt\/wp-content\/uploads\/2026\/03\/cropped-Patricia.png","contentUrl":"https:\/\/gastropedia.pub\/pt\/wp-content\/uploads\/2026\/03\/cropped-Patricia.png","caption":"Patr\u00edcia Santiago Liberato de Mattos"},"description":"M\u00e9dica assistente da enfermaria de Gastroenterologia e Hepatologia do HCFMUSP M\u00e9dica assistente do Centro Diagn\u00f3stico em Gastroenterologia (CDG) do HCFMUSP Resid\u00eancias de Gastroenterologia e Endoscopia Digestiva pelo HCFMUSP Prova de T\u00edtulo em Gastroenterologia pela FBG \u00c1rea de Atua\u00e7\u00e3o em Endoscopia Digestiva pela SOBED","url":"https:\/\/gastropedia.pub\/pt\/author\/paty_santiago\/"}]}},"_links":{"self":[{"href":"https:\/\/gastropedia.pub\/pt\/wp-json\/wp\/v2\/posts\/11139","targetHints":{"allow":["GET"]}}],"collection":[{"href":"https:\/\/gastropedia.pub\/pt\/wp-json\/wp\/v2\/posts"}],"about":[{"href":"https:\/\/gastropedia.pub\/pt\/wp-json\/wp\/v2\/types\/post"}],"author":[{"embeddable":true,"href":"https:\/\/gastropedia.pub\/pt\/wp-json\/wp\/v2\/users\/5894"}],"replies":[{"embeddable":true,"href":"https:\/\/gastropedia.pub\/pt\/wp-json\/wp\/v2\/comments?post=11139"}],"version-history":[{"count":7,"href":"https:\/\/gastropedia.pub\/pt\/wp-json\/wp\/v2\/posts\/11139\/revisions"}],"predecessor-version":[{"id":11154,"href":"https:\/\/gastropedia.pub\/pt\/wp-json\/wp\/v2\/posts\/11139\/revisions\/11154"}],"wp:featuredmedia":[{"embeddable":true,"href":"https:\/\/gastropedia.pub\/pt\/wp-json\/wp\/v2\/media\/11146"}],"wp:attachment":[{"href":"https:\/\/gastropedia.pub\/pt\/wp-json\/wp\/v2\/media?parent=11139"}],"wp:term":[{"taxonomy":"category","embeddable":true,"href":"https:\/\/gastropedia.pub\/pt\/wp-json\/wp\/v2\/categories?post=11139"},{"taxonomy":"post_tag","embeddable":true,"href":"https:\/\/gastropedia.pub\/pt\/wp-json\/wp\/v2\/tags?post=11139"},{"taxonomy":"ano","embeddable":true,"href":"https:\/\/gastropedia.pub\/pt\/wp-json\/wp\/v2\/ano?post=11139"},{"taxonomy":"tipo","embeddable":true,"href":"https:\/\/gastropedia.pub\/pt\/wp-json\/wp\/v2\/tipo?post=11139"},{"taxonomy":"volume","embeddable":true,"href":"https:\/\/gastropedia.pub\/pt\/wp-json\/wp\/v2\/volume?post=11139"}],"curies":[{"name":"wp","href":"https:\/\/api.w.org\/{rel}","templated":true}]}}