{"id":11113,"date":"2026-04-23T06:00:00","date_gmt":"2026-04-23T09:00:00","guid":{"rendered":"https:\/\/gastropedia.pub\/pt\/?p=11113"},"modified":"2026-04-16T15:04:39","modified_gmt":"2026-04-16T18:04:39","slug":"diagnostico-de-intolerancia-a-lactose-o-que-o-gastroenterologista-precisa-saber","status":"publish","type":"post","link":"https:\/\/gastropedia.pub\/pt\/gastroenterologia\/diagnostico-de-intolerancia-a-lactose-o-que-o-gastroenterologista-precisa-saber\/","title":{"rendered":"Diagn\u00f3stico de intoler\u00e2ncia \u00e0 lactose: o que o gastroenterologista precisa saber"},"content":{"rendered":"<div class=\"pdfprnt-buttons pdfprnt-buttons-post pdfprnt-top-right\"><a href=\"https:\/\/gastropedia.pub\/pt\/wp-json\/wp\/v2\/posts\/11113?print=pdf\" class=\"pdfprnt-button pdfprnt-button-pdf\" target=\"_blank\" ><img decoding=\"async\" src=\"https:\/\/gastropedia.pub\/pt\/wp-content\/plugins\/pdf-print\/images\/pdf.png\" alt=\"image_pdf\" title=\"Ver PDF\" \/><\/a><a href=\"https:\/\/gastropedia.pub\/pt\/wp-json\/wp\/v2\/posts\/11113?print=print\" class=\"pdfprnt-button pdfprnt-button-print\" target=\"_blank\" ><img decoding=\"async\" src=\"https:\/\/gastropedia.pub\/pt\/wp-content\/plugins\/pdf-print\/images\/print.png\" alt=\"image_print\" title=\"Conte\u00fado de impress\u00e3o\" \/><\/a><\/div>\n<p>A intoler\u00e2ncia \u00e0 lactose \u00e9 uma <strong>condi\u00e7\u00e3o frequente<\/strong> na pr\u00e1tica do gastroenterologista, caracterizada por sintomas como <strong>distens\u00e3o abdominal, flatul\u00eancia, dor abdominal e diarreia<\/strong>. A forma mais comum \u00e9 a hipolactasia prim\u00e1ria, decorrente da redu\u00e7\u00e3o fisiol\u00f3gica e geneticamente determinada da lactase ap\u00f3s o desmame.<\/p>\n\n\n\n<p>\u00c9 essencial diferenciar m\u00e1 absor\u00e7\u00e3o de lactose \u2014 que pode ser assintom\u00e1tica \u2014 da intoler\u00e2ncia \u00e0 lactose, que se caracteriza pela presen\u00e7a de sintomas. Al\u00e9m disso, deve-se diferenciar a forma prim\u00e1ria da secund\u00e1ria. Esta \u00faltima decorre de les\u00f5es da mucosa do intestino delgado, como na doen\u00e7a cel\u00edaca, no supercrescimento bacteriano do intestino delgado (SIBO), na doen\u00e7a de Crohn ou ap\u00f3s gastroenterites, sendo, em geral, potencialmente revers\u00edvel com o tratamento da condi\u00e7\u00e3o de base.<\/p>\n\n\n\n<p>O diagn\u00f3stico pode ser feito por <strong>quatro m\u00e9todos principais<\/strong> (teste oral de toler\u00e2ncia \u00e0 lactose, teste gen\u00e9tico, teste do hidrog\u00eanio expirado e avalia\u00e7\u00e3o da lactase em bi\u00f3psia duodenal), cada um com indica\u00e7\u00f5es e limita\u00e7\u00f5es. Em alguns casos, o diagn\u00f3stico cl\u00ednico tamb\u00e9m pode ser considerado. A seguir, detalhamos cada um deles.<\/p>\n\n\n\n<h2 class=\"wp-block-heading\" id=\"h-diagnostico-clinico\"><strong>Diagn\u00f3stico cl\u00ednico<\/strong><\/h2>\n\n\n\n<ul class=\"wp-block-list\">\n<li>Considerar quando:\n<ul class=\"wp-block-list\">\n<li>Quadro t\u00edpico ap\u00f3s ingest\u00e3o de lactose<\/li>\n\n\n\n<li>Locais com baixa disponibilidade de exames<\/li>\n\n\n\n<li>Recusa do paciente em realizar investiga\u00e7\u00f5es adicionais<\/li>\n<\/ul>\n<\/li>\n\n\n\n<li>Maior acur\u00e1cia (alta probabilidade pr\u00e9-teste):\n<ul class=\"wp-block-list\">\n<li>Quando etnias com alta preval\u00eancia (africanos, asi\u00e1ticos)<\/li>\n<\/ul>\n<\/li>\n\n\n\n<li>Estrat\u00e9gia:\n<ul class=\"wp-block-list\">\n<li>Teste terap\u00eautico (exclus\u00e3o + reintrodu\u00e7\u00e3o)<\/li>\n\n\n\n<li>Sempre com avalia\u00e7\u00e3o de diagn\u00f3sticos diferenciais<\/li>\n<\/ul>\n<\/li>\n<\/ul>\n\n\n\n<h2 class=\"wp-block-heading\" id=\"h-teste-oral-de-tolerancia-a-lactose-curva-glicemica\"><br><strong>Teste oral de Toler\u00e2ncia \u00e0 Lactose (Curva Glic\u00eamica)<\/strong><\/h2>\n\n\n\n<p>\u00c9 um m\u00e9todo indireto que avalia a digest\u00e3o da lactose pela resposta glic\u00eamica ap\u00f3s sua ingest\u00e3o. Consiste na administra\u00e7\u00e3o de cerca de 50 g de lactose, com dosagens de glicemia em jejum e aos 30, 60 e 120 minutos. Em indiv\u00edduos com atividade adequada de lactase, observa-se eleva\u00e7\u00e3o da glicemia. J\u00e1 na defici\u00eancia, essa resposta \u00e9 reduzida, sendo sugestivo de m\u00e1 absor\u00e7\u00e3o um aumento &lt; 20 mg\/dL. Sintomas podem ocorrer durante o exame ou nas horas seguintes.<\/p>\n\n\n\n<p>Limita\u00e7\u00f5es:<\/p>\n\n\n\n<ul class=\"wp-block-list\">\n<li>Sensibilidade\/especificidade reduzidas (~20% falsos positivos e negativos)<\/li>\n\n\n\n<li>Limita\u00e7\u00f5es:\n<ul class=\"wp-block-list\">\n<li>Diabetes mellitus \u2192 falsos-negativos (hiperglicemia basal pode levar a eleva\u00e7\u00f5es &gt; 20 mg\/dL)<\/li>\n\n\n\n<li>Gastroparesia \u2192 falsos-positivos (retardo na absor\u00e7\u00e3o da glicose e atenua\u00e7\u00e3o da eleva\u00e7\u00e3o glic\u00eamica)<\/li>\n\n\n\n<li>Bypass em Y de Roux \u2192 falsos-positivos (tr\u00e2nsito acelerado e menor \u00e1rea absortiva &#8211; devido ao desvio do tr\u00e2nsito intestinal h\u00e1 redu\u00e7\u00e3o do tempo de contato da lactose com a lactase. Respostas glic\u00eamicas imprevis\u00edveis e sintomas de <em>dumping<\/em>.<\/li>\n\n\n\n<li>Alta carga de lactose (50 g \u2013 aproximadamente 1 L de leite) \u2192 sintomas podem ocorrer em indiv\u00edduos normais<\/li>\n<\/ul>\n<\/li>\n\n\n\n<li>Pr\u00e1tica cl\u00ednica:\n<ul class=\"wp-block-list\">\n<li>Baixo custo<\/li>\n\n\n\n<li>Dispon\u00edvel no Sistema \u00danico de Sa\u00fade (SUS)<\/li>\n\n\n\n<li>Cobertura obrigat\u00f3ria no rol da Agencia Nacional de Saude Suplementar (ANS)<\/li>\n\n\n\n<li>Alternativa quando sem acesso ao teste respirat\u00f3rio<\/li>\n<\/ul>\n<\/li>\n<\/ul>\n\n\n\n<h2 class=\"wp-block-heading\" id=\"h-teste-genetico-ou-molecular\"><br><strong>Teste gen\u00e9tico ou molecular<\/strong><\/h2>\n\n\n\n<p>A genotipagem baseia-se na identifica\u00e7\u00e3o de polimorfismos de nucleot\u00eddeo \u00fanico, especialmente as variantes LCT-13910C&gt;T e LCT-22018G&gt;A, por meio de amostras de sangue ou swab bucal. \u00c9 um m\u00e9todo \u00fatil para confirmar a n\u00e3o persist\u00eancia da lactase (hipolactasia prim\u00e1ria), sobretudo em popula\u00e7\u00f5es caucasianas, nas quais o gen\u00f3tipo CC se associa \u00e0 intoler\u00e2ncia, enquanto CT e TT est\u00e3o relacionados \u00e0 toler\u00e2ncia (CC = intoler\u00e2ncia; CT\/TT = toler\u00e2ncia), em padr\u00e3o de heran\u00e7a autoss\u00f4mica recessiva.<\/p>\n\n\n\n<ul class=\"wp-block-list\">\n<li>Limita\u00e7\u00f5es:\n<ul class=\"wp-block-list\">\n<li>N\u00e3o detecta formas secund\u00e1rias<\/li>\n\n\n\n<li>Falsos-negativos em n\u00e3o caucasianos \u2013 outros polimorfismos diferentes ( ex: variantes africanas e asi\u00e1ticas)<\/li>\n\n\n\n<li>Gen\u00f3tipo \u2260 fen\u00f3tipo cl\u00ednico: ter a variante gen\u00e9tica n\u00e3o implica manifesta\u00e7\u00f5es cl\u00ednicas<\/li>\n<\/ul>\n<\/li>\n\n\n\n<li>Pr\u00e1tica cl\u00ednica:\n<ul class=\"wp-block-list\">\n<li>N\u00e3o dispon\u00edvel no SUS<\/li>\n\n\n\n<li>N\u00e3o possui Diretriz de Utiliza\u00e7\u00e3o (DUT) e cobertura obrigat\u00f3ria pelo Rol da ANS.<\/li>\n\n\n\n<li>Uso: diferencia\u00e7\u00e3o etiol\u00f3gica (hipolactasia prim\u00e1ria x secund\u00e1ria)<\/li>\n<\/ul>\n<\/li>\n<\/ul>\n\n\n\n<h2 class=\"wp-block-heading\" id=\"h-teste-do-hidrogenio-expirado-the-respiratorio\"><br><strong>Teste do Hidrog\u00eanio expirado (THE) &#8211; Respirat\u00f3rio<\/strong><\/h2>\n\n\n\n<p>\u00c9 considerado o m\u00e9todo de escolha por ser n\u00e3o invasivo e apresentar boa sensibilidade e especificidade. O exame consiste na mensura\u00e7\u00e3o do hidrog\u00eanio no ar expirado antes e ap\u00f3s a ingest\u00e3o de lactose (geralmente 25g) com medidas a cada 30 minutos por 180 minutos. Um aumento \u2265 20 ppm em rela\u00e7\u00e3o ao basal indica fermenta\u00e7\u00e3o de lactose n\u00e3o absorvida no c\u00f3lon. A correla\u00e7\u00e3o com sintomas durante o teste \u00e9 fundamental para o diagn\u00f3stico cl\u00ednico.<\/p>\n\n\n\n<figure class=\"wp-block-gallery has-nested-images columns-default is-cropped wp-block-gallery-1 is-layout-flex wp-block-gallery-is-layout-flex\">\n<figure class=\"wp-block-image size-large\"><a href=\"https:\/\/gastropedia.pub\/pt\/?attachment_id=11116\"><img fetchpriority=\"high\" decoding=\"async\" width=\"655\" height=\"369\" data-id=\"11116\" src=\"https:\/\/gastropedia.pub\/pt\/wp-content\/uploads\/2026\/04\/THE-positivo-para-intolerancia-a-lactose.png\" alt=\"\" class=\"wp-image-11116\" srcset=\"https:\/\/gastropedia.pub\/pt\/wp-content\/uploads\/2026\/04\/THE-positivo-para-intolerancia-a-lactose.png 655w, https:\/\/gastropedia.pub\/pt\/wp-content\/uploads\/2026\/04\/THE-positivo-para-intolerancia-a-lactose-300x169.png 300w, https:\/\/gastropedia.pub\/pt\/wp-content\/uploads\/2026\/04\/THE-positivo-para-intolerancia-a-lactose-585x330.png 585w\" sizes=\"(max-width: 655px) 100vw, 655px\" \/><\/a><figcaption class=\"wp-element-caption\">THE positivo para intoler\u00e2ncia a lactose (Imagem ilustrativa gerada por IA)<\/figcaption><\/figure>\n\n\n\n<figure class=\"wp-block-image size-large\"><a href=\"https:\/\/gastropedia.pub\/pt\/?attachment_id=11115\"><img decoding=\"async\" width=\"982\" height=\"532\" data-id=\"11115\" src=\"https:\/\/gastropedia.pub\/pt\/wp-content\/uploads\/2026\/04\/THE-positivo-para-intolerancia-a-lactose-com-pico-precoce.png\" alt=\"\" class=\"wp-image-11115\" srcset=\"https:\/\/gastropedia.pub\/pt\/wp-content\/uploads\/2026\/04\/THE-positivo-para-intolerancia-a-lactose-com-pico-precoce.png 982w, https:\/\/gastropedia.pub\/pt\/wp-content\/uploads\/2026\/04\/THE-positivo-para-intolerancia-a-lactose-com-pico-precoce-300x163.png 300w, https:\/\/gastropedia.pub\/pt\/wp-content\/uploads\/2026\/04\/THE-positivo-para-intolerancia-a-lactose-com-pico-precoce-768x416.png 768w, https:\/\/gastropedia.pub\/pt\/wp-content\/uploads\/2026\/04\/THE-positivo-para-intolerancia-a-lactose-com-pico-precoce-585x317.png 585w\" sizes=\"(max-width: 982px) 100vw, 982px\" \/><\/a><figcaption class=\"wp-element-caption\">THE positivo para intoler\u00e2ncia a lactose com pico precoce (Imagem gentlmente cedida por Dra Jamile Kalil)<\/figcaption><\/figure>\n<\/figure>\n\n\n\n<p><\/p>\n\n\n\n<p><strong>Falsos-negativos:<\/strong><\/p>\n\n\n\n<ul class=\"wp-block-list\">\n<li>Tr\u00e2nsito acelerado<\/li>\n\n\n\n<li>Uso de antibi\u00f3ticos<\/li>\n\n\n\n<li>Microbiota intestinal produtora de metano<\/li>\n<\/ul>\n\n\n\n<p><strong>Falsos-positivos:<\/strong><\/p>\n\n\n\n<ul class=\"wp-block-list\">\n<li>Supercrescimento bacteriano do intestino delgado (SIBO)<\/li>\n\n\n\n<li>Tr\u00e2nsito acelerado \/ anatomia intestinal alterada<\/li>\n\n\n\n<li>Preparo inadequado<\/li>\n\n\n\n<li>Procin\u00e9ticos \/ laxantes<\/li>\n\n\n\n<li>Tabagismo<\/li>\n<\/ul>\n\n\n\n<p><strong>Pontos-chave:<\/strong><\/p>\n\n\n\n<ul class=\"wp-block-list\">\n<li>Pico precoce (aumento \u2265 20 ppm em &lt; 60-90 minutos) \u2192 sugere SIBO ou tr\u00e2nsito r\u00e1pido<\/li>\n\n\n\n<li>SIBO pode:\n<ul class=\"wp-block-list\">\n<li>gerar falso-positivo<\/li>\n\n\n\n<li>causar hipolactasia secund\u00e1ria<\/li>\n\n\n\n<li>mimetizar sintomas<\/li>\n<\/ul>\n<\/li>\n<\/ul>\n\n\n\n<p><strong>Acesso:<\/strong><\/p>\n\n\n\n<ul class=\"wp-block-list\">\n<li>N\u00e3o dispon\u00edvel no SUS<\/li>\n\n\n\n<li>N\u00e3o est\u00e1 no rol da ANS<\/li>\n\n\n\n<li>Custo mais elevado<\/li>\n\n\n\n<li>N\u00e3o dispon\u00edvel em v\u00e1rios locais do Brasil<\/li>\n<\/ul>\n\n\n\n<h2 class=\"wp-block-heading\" id=\"h-teste-da-atividade-da-lactase-em-biopsia-duodenal-teste-rapido-da-lactase\"><br><strong>Teste da atividade da lactase em bi\u00f3psia duodenal &#8211; Teste R\u00e1pido da Lactase<\/strong><\/h2>\n\n\n\n<p>\u00c9 realizado com bi\u00f3psias duodenais p\u00f3s-bulbares durante a endoscopia digestiva alta, avaliando diretamente a atividade enzim\u00e1tica da lactase. A amostra \u00e9 incubada com um substrato espec\u00edfico e a rea\u00e7\u00e3o colorim\u00e9trica indica o n\u00edvel de atividade: azul escuro para normolactasia, azul claro para hipolactasia e aus\u00eancia de mudan\u00e7a para hipolactasia severa. Avalia causas secund\u00e1rias atrav\u00e9s da realiza\u00e7\u00e3o de bi\u00f3psias durante a endoscopia (anatomopatol\u00f3gico).<\/p>\n\n\n\n<ul class=\"wp-block-list\">\n<li>M\u00e9todo colorim\u00e9trico:\n<ul class=\"wp-block-list\">\n<li>Azul escuro \u2192 normal<\/li>\n\n\n\n<li>Azul claro \u2192 hipolactasia<\/li>\n\n\n\n<li>Sem mudan\u00e7a \u2192 defici\u00eancia severa<\/li>\n<\/ul>\n<\/li>\n<\/ul>\n\n\n\n<figure class=\"wp-block-image size-full\"><a href=\"https:\/\/gastropedia.pub\/pt\/?attachment_id=11117\"><img decoding=\"async\" width=\"777\" height=\"518\" src=\"https:\/\/gastropedia.pub\/pt\/wp-content\/uploads\/2026\/04\/TESTE-RAPIDO-LACTASE.png\" alt=\"\" class=\"wp-image-11117\" srcset=\"https:\/\/gastropedia.pub\/pt\/wp-content\/uploads\/2026\/04\/TESTE-RAPIDO-LACTASE.png 777w, https:\/\/gastropedia.pub\/pt\/wp-content\/uploads\/2026\/04\/TESTE-RAPIDO-LACTASE-300x200.png 300w, https:\/\/gastropedia.pub\/pt\/wp-content\/uploads\/2026\/04\/TESTE-RAPIDO-LACTASE-768x512.png 768w, https:\/\/gastropedia.pub\/pt\/wp-content\/uploads\/2026\/04\/TESTE-RAPIDO-LACTASE-585x390.png 585w, https:\/\/gastropedia.pub\/pt\/wp-content\/uploads\/2026\/04\/TESTE-RAPIDO-LACTASE-263x175.png 263w\" sizes=\"(max-width: 777px) 100vw, 777px\" \/><\/a><figcaption class=\"wp-element-caption\">Imagem ilustrativa gerada por IA<\/figcaption><\/figure>\n\n\n\n<p><strong>Limita\u00e7\u00f5es:<\/strong><\/p>\n\n\n\n<ul class=\"wp-block-list\">\n<li>Invasivo<\/li>\n\n\n\n<li>Alto custo (pela endoscopia associada)<\/li>\n\n\n\n<li>N\u00e3o dispon\u00edvel no SUS<\/li>\n\n\n\n<li>N\u00e3o est\u00e1 no rol da ANS<\/li>\n\n\n\n<li>Distribui\u00e7\u00e3o irregular da enzima (<em>patchy<\/em>) na mucosa duodenal<\/li>\n<\/ul>\n\n\n\n<p><\/p>\n\n\n\n<p><\/p>\n\n\n\n<p><strong>TABELA 1:<\/strong> Resumo dos principais testes diagn\u00f3sticos para intoler\u00e2ncia a lactose<\/p>\n\n\n\n<figure class=\"wp-block-table is-style-regular\"><div class=\"pcrstb-wrap\"><table class=\"has-pale-ocean-gradient-background has-background has-fixed-layout\"><thead><tr><th>M\u00e9todo de Diagn\u00f3stico<\/th><th>Princ\u00edpio do Teste<\/th><th>Vantagens Principais<\/th><th>Limita\u00e7\u00f5es e Causas de Falsos Resultados<\/th><th>Custo (S\u00e3o Paulo \u2013 Abril\/2026)<\/th><th>Popula\u00e7\u00e3o Alvo Recomendada<\/th><\/tr><\/thead><tbody><tr><td>Teste de Hidrog\u00eanio Expirado (THE)<\/td><td>Mede H2 no ar expirado ap\u00f3s ingest\u00e3o de lactose (25 g), resultante da fermenta\u00e7\u00e3o bacteriana no c\u00f3lon.<\/td><td>\u2022 N\u00e3o invasivo<br>\u2022 Padr\u00e3o ouro<\/td><td>\u2022 Falso-positivos: SIBO, tr\u00e2nsito r\u00e1pido, anatomia alterada<br>\u2022 Falso-negativos: n\u00e3o-produtores de H2 , uso de antibi\u00f3ticos.<br>\u2022 Exige jejum e restri\u00e7\u00f5es pr\u00e9vias.<\/td><td>Entre 550-2600 reais<\/td><td>Adultos e crian\u00e7as com suspeita de m\u00e1 absor\u00e7\u00e3o; Teste de escolha para diagn\u00f3stico cl\u00ednico geral.<\/td><\/tr><tr><td><br>Teste Gen\u00e9tico<\/td><td>Identifica variantes de DNA (como 13910C&gt;T) associadas \u00e0 persist\u00eancia ou n\u00e3o-persist\u00eancia da lactase.<\/td><td>\u2022Minimamente invasivo (sangue ou saliva).<br>\u2022 N\u00e3o requer carga de lactose ou jejum prolongado.<br>\u2022 Confirma hipolactasia prim\u00e1ria.<\/td><td>\u2022 N\u00e3o detecta causas secund\u00e1rias.<br>\u2022 Falso-negativos em popula\u00e7\u00f5es n\u00e3o europeias<br>\u2022 Gen\u00f3tipo \u2260 fen\u00f3tipo cl\u00ednico<\/td><td>Entre 217-430 reais<\/td><td>Caucasianos; \u00datil para distinguir entre m\u00e1 absor\u00e7\u00e3o prim\u00e1ria e secund\u00e1ria.<\/td><\/tr><tr><td><br>Teste R\u00e1pido da Lactase<\/td><td><br>Teste colorim\u00e9trico realizado em bi\u00f3psias duodenais para avalia\u00e7\u00e3o da atividade enzim\u00e1tica imediata.<\/td><td><br>\u2022 Resultado r\u00e1pido em sala de endoscopia<br>\u2022 Boa concord\u00e2ncia com o THE em resultados positivos.<br>\u2022 Avalia causas secund\u00e1rias<\/td><td>\u2022 Invasivo<br>\u2022 Falso negativo: distribui\u00e7\u00e3o irregular da enzima na mucosa do intestino.<br>\u2022 Custo elevado &#8211; associado a EDA.<\/td><td><br><br>400 reais &#8211; apenas o teste enzim\u00e1tico (sem custo da EDA)<\/td><td><br>Pacientes submetidos \u00e0 endoscopia digestiva alta.<\/td><\/tr><tr><td><br><br>Teste de Toler\u00e2ncia \u00e0 Lactose<\/td><td><br>Medida da glicemia em intervalos (30, 60, 120 min) ap\u00f3s a ingest\u00e3o de 50g de lactose; aumento &lt; 20 mg\/dl = m\u00e1 absor\u00e7\u00e3o.<\/td><td><br>\u2022 Baixo custo<br>\u2022 F\u00e1cil execu\u00e7\u00e3o em lugares com poucos recursos.<\/td><td>\u2022 Baixa sensibilidade e especificidade<br>\u2022 Limita\u00e7\u00f5es: Altera\u00e7\u00f5es no esvaziamento g\u00e1strico e no metabolismo da glicose (DM).<br>\u2022 M\u00faltiplas coletas de sangue.<\/td><td><br>Entre 80 e 390 reais<\/td><td><br>Sem acesso ao teste respirat\u00f3rio<\/td><\/tr><\/tbody><\/table><\/div><\/figure>\n\n\n\n<h2 class=\"wp-block-heading\" id=\"h-mensagem-final\"><br><strong>Mensagem final<\/strong><\/h2>\n\n\n\n<ul class=\"wp-block-list\">\n<li>Diagn\u00f3stico deve ser <strong>individualizado<\/strong><\/li>\n\n\n\n<li>Considerar:\n<ul class=\"wp-block-list\">\n<li>contexto cl\u00ednico<\/li>\n\n\n\n<li>probabilidade pr\u00e9-teste<\/li>\n\n\n\n<li>disponibilidade dos exames<\/li>\n<\/ul>\n<\/li>\n\n\n\n<li>Combina\u00e7\u00e3o de avalia\u00e7\u00e3o cl\u00ednica + m\u00e9todos diagn\u00f3sticos \u2192 <strong>maior acur\u00e1cia e melhor manejo<\/strong><\/li>\n<\/ul>\n\n\n\n<p><\/p>\n\n\n\n<h2 class=\"wp-block-heading\" id=\"h-artigos-relacionados\">Artigos relacionados:<\/h2>\n\n\n\n<p id=\"h-artigos-relacionados-referencias\"><a href=\"https:\/\/gastropedia.pub\/pt\/cirurgia\/colorretal\/testes-para-sangue-oculto-nas-fezes-guaiaco-fit-e-imunocromatografico\/\" type=\"link\" id=\"https:\/\/gastropedia.pub\/pt\/cirurgia\/colorretal\/testes-para-sangue-oculto-nas-fezes-guaiaco-fit-e-imunocromatografico\/\">Teste de sangue oculto nas fezes<\/a><\/p>\n\n\n\n<h2 class=\"wp-block-heading\" id=\"h-referencias\"><br><strong>Refer\u00eancias<\/strong><\/h2>\n\n\n\n<ol class=\"wp-block-list\">\n<li>Misselwitz B, Butter M, Verbeke K, Fox MR. Update on lactose malabsorption and intolerance: pathogenesis, diagnosis and clinical management. Gut. 2019 Nov;68(11):2080-2091. doi: 10.1136\/gutjnl-2019-318404. Epub 2019 Aug 19. PMID: 31427404; PMCID: PMC6839734.<\/li>\n\n\n\n<li>Micic D, Rao VL, Rubin DT. Clinical Approach to Lactose Intolerance. JAMA. 2019;322(16):1600\u20131601. doi:10.1001\/jama.2019.14740<\/li>\n\n\n\n<li>Borralho AI, Marcos P. Lactose Intolerance and Malabsorption Revisited: Exploring the Impact and Solutions. GE Port J Gastroenterol. 2025 Apr 21;32(5):350-357. doi: 10.1159\/000545923. PMID: 40432984; PMCID: PMC12105853.<\/li>\n\n\n\n<li>Catanzaro R, Sciuto M, Marotta F. Lactose intolerance: An update on its pathogenesis, diagnosis, and treatment. Nutr Res. 2021 May;89:23-34. doi: 10.1016\/j.nutres.2021.02.003. Epub 2021 Mar 21. PMID: 33887513.<\/li>\n<\/ol>\n\n\n\n<h2 class=\"wp-block-heading\" id=\"h-como-citar-este-artigo\"><strong>Como citar este artigo<\/strong><\/h2>\n\n\n\n<p class=\"has-very-light-gray-to-cyan-bluish-gray-gradient-background has-background\">Terra MP. Diagn\u00f3stico de intoler\u00e2ncia \u00e0 lactose: o que o gastroenterologista precisa saber. Gastropedia 2026, Vol.1. Dispon\u00edvel em: <a href=\"https:\/\/gastropedia.pub\/pt\/?p=11113\" target=\"_blank\" rel=\"noreferrer noopener\">https:\/\/gastropedia.pub\/pt\/gastroenterologia\/diagnostico-de-intolerancia-a-lactose-o-que-o-gastroenterologista-precisa-saber\/<\/a><\/p>\n\n\n\n<p><\/p>\n","protected":false},"excerpt":{"rendered":"<p>A intoler\u00e2ncia \u00e0 lactose \u00e9 uma condi\u00e7\u00e3o frequente na pr\u00e1tica do gastroenterologista, caracterizada por sintomas como distens\u00e3o abdominal, flatul\u00eancia, dor abdominal e diarreia. A forma mais comum \u00e9 a hipolactasia&hellip;<\/p>\n","protected":false},"author":5893,"featured_media":11117,"comment_status":"open","ping_status":"open","sticky":false,"template":"","format":"standard","meta":{"_lmt_disableupdate":"","_lmt_disable":"","footnotes":""},"categories":[18,22],"tags":[],"ano":[423],"tipo":[121],"volume":[57],"class_list":["post-11113","post","type-post","status-publish","format-standard","has-post-thumbnail","hentry","category-gastroenterologia","category-intestino","ano-423","tipo-assuntos-gerais","volume-volume-i"],"yoast_head":"<!-- This site is optimized with the Yoast SEO Premium plugin v27.2 (Yoast SEO v27.3) - https:\/\/yoast.com\/product\/yoast-seo-premium-wordpress\/ -->\n<title>Diagn\u00f3stico de intoler\u00e2ncia \u00e0 lactose: o que o gastroenterologista precisa saber - Gastropedia<\/title>\n<meta name=\"robots\" content=\"index, follow, max-snippet:-1, max-image-preview:large, max-video-preview:-1\" \/>\n<link rel=\"canonical\" href=\"https:\/\/gastropedia.pub\/pt\/gastroenterologia\/diagnostico-de-intolerancia-a-lactose-o-que-o-gastroenterologista-precisa-saber\/\" \/>\n<meta property=\"og:locale\" content=\"pt_BR\" \/>\n<meta property=\"og:type\" content=\"article\" \/>\n<meta property=\"og:title\" content=\"Diagn\u00f3stico de intoler\u00e2ncia \u00e0 lactose: o que o gastroenterologista precisa saber\" \/>\n<meta property=\"og:description\" content=\"A intoler\u00e2ncia \u00e0 lactose \u00e9 uma condi\u00e7\u00e3o frequente na pr\u00e1tica do gastroenterologista, caracterizada por sintomas como distens\u00e3o abdominal, flatul\u00eancia, dor abdominal e diarreia. A forma mais comum \u00e9 a hipolactasia&hellip;\" \/>\n<meta property=\"og:url\" content=\"https:\/\/gastropedia.pub\/pt\/gastroenterologia\/diagnostico-de-intolerancia-a-lactose-o-que-o-gastroenterologista-precisa-saber\/\" \/>\n<meta property=\"og:site_name\" content=\"Gastropedia\" \/>\n<meta property=\"article:published_time\" content=\"2026-04-23T09:00:00+00:00\" \/>\n<meta property=\"og:image\" content=\"https:\/\/gastropedia.pub\/pt\/wp-content\/uploads\/2026\/04\/TESTE-RAPIDO-LACTASE.png\" \/>\n\t<meta property=\"og:image:width\" content=\"777\" \/>\n\t<meta property=\"og:image:height\" content=\"518\" \/>\n\t<meta property=\"og:image:type\" content=\"image\/png\" \/>\n<meta name=\"author\" content=\"Marcela Terra\" \/>\n<meta name=\"twitter:card\" content=\"summary_large_image\" \/>\n<meta name=\"twitter:label1\" content=\"Escrito por\" \/>\n\t<meta name=\"twitter:data1\" content=\"Marcela Terra\" \/>\n\t<meta name=\"twitter:label2\" content=\"Est. tempo de leitura\" \/>\n\t<meta name=\"twitter:data2\" content=\"8 minutos\" \/>\n<script type=\"application\/ld+json\" class=\"yoast-schema-graph\">{\"@context\":\"https:\\\/\\\/schema.org\",\"@graph\":[{\"@type\":\"Article\",\"@id\":\"https:\\\/\\\/gastropedia.pub\\\/pt\\\/gastroenterologia\\\/diagnostico-de-intolerancia-a-lactose-o-que-o-gastroenterologista-precisa-saber\\\/#article\",\"isPartOf\":{\"@id\":\"https:\\\/\\\/gastropedia.pub\\\/pt\\\/gastroenterologia\\\/diagnostico-de-intolerancia-a-lactose-o-que-o-gastroenterologista-precisa-saber\\\/\"},\"author\":{\"name\":\"Marcela Terra\",\"@id\":\"https:\\\/\\\/gastropedia.pub\\\/pt\\\/#\\\/schema\\\/person\\\/d89bd0eed0f1e56cbbf8042b73cd05ef\"},\"headline\":\"Diagn\u00f3stico de intoler\u00e2ncia \u00e0 lactose: o que o gastroenterologista precisa saber\",\"datePublished\":\"2026-04-23T09:00:00+00:00\",\"mainEntityOfPage\":{\"@id\":\"https:\\\/\\\/gastropedia.pub\\\/pt\\\/gastroenterologia\\\/diagnostico-de-intolerancia-a-lactose-o-que-o-gastroenterologista-precisa-saber\\\/\"},\"wordCount\":1507,\"commentCount\":0,\"image\":{\"@id\":\"https:\\\/\\\/gastropedia.pub\\\/pt\\\/gastroenterologia\\\/diagnostico-de-intolerancia-a-lactose-o-que-o-gastroenterologista-precisa-saber\\\/#primaryimage\"},\"thumbnailUrl\":\"https:\\\/\\\/gastropedia.pub\\\/pt\\\/wp-content\\\/uploads\\\/2026\\\/04\\\/TESTE-RAPIDO-LACTASE.png\",\"articleSection\":[\"Gastroenterologia\",\"Intestino\"],\"inLanguage\":\"pt-BR\",\"potentialAction\":[{\"@type\":\"CommentAction\",\"name\":\"Comment\",\"target\":[\"https:\\\/\\\/gastropedia.pub\\\/pt\\\/gastroenterologia\\\/diagnostico-de-intolerancia-a-lactose-o-que-o-gastroenterologista-precisa-saber\\\/#respond\"]}]},{\"@type\":\"WebPage\",\"@id\":\"https:\\\/\\\/gastropedia.pub\\\/pt\\\/gastroenterologia\\\/diagnostico-de-intolerancia-a-lactose-o-que-o-gastroenterologista-precisa-saber\\\/\",\"url\":\"https:\\\/\\\/gastropedia.pub\\\/pt\\\/gastroenterologia\\\/diagnostico-de-intolerancia-a-lactose-o-que-o-gastroenterologista-precisa-saber\\\/\",\"name\":\"Diagn\u00f3stico de intoler\u00e2ncia \u00e0 lactose: o que o gastroenterologista precisa saber - Gastropedia\",\"isPartOf\":{\"@id\":\"https:\\\/\\\/gastropedia.pub\\\/pt\\\/#website\"},\"primaryImageOfPage\":{\"@id\":\"https:\\\/\\\/gastropedia.pub\\\/pt\\\/gastroenterologia\\\/diagnostico-de-intolerancia-a-lactose-o-que-o-gastroenterologista-precisa-saber\\\/#primaryimage\"},\"image\":{\"@id\":\"https:\\\/\\\/gastropedia.pub\\\/pt\\\/gastroenterologia\\\/diagnostico-de-intolerancia-a-lactose-o-que-o-gastroenterologista-precisa-saber\\\/#primaryimage\"},\"thumbnailUrl\":\"https:\\\/\\\/gastropedia.pub\\\/pt\\\/wp-content\\\/uploads\\\/2026\\\/04\\\/TESTE-RAPIDO-LACTASE.png\",\"datePublished\":\"2026-04-23T09:00:00+00:00\",\"author\":{\"@id\":\"https:\\\/\\\/gastropedia.pub\\\/pt\\\/#\\\/schema\\\/person\\\/d89bd0eed0f1e56cbbf8042b73cd05ef\"},\"breadcrumb\":{\"@id\":\"https:\\\/\\\/gastropedia.pub\\\/pt\\\/gastroenterologia\\\/diagnostico-de-intolerancia-a-lactose-o-que-o-gastroenterologista-precisa-saber\\\/#breadcrumb\"},\"inLanguage\":\"pt-BR\",\"potentialAction\":[{\"@type\":\"ReadAction\",\"target\":[\"https:\\\/\\\/gastropedia.pub\\\/pt\\\/gastroenterologia\\\/diagnostico-de-intolerancia-a-lactose-o-que-o-gastroenterologista-precisa-saber\\\/\"]}]},{\"@type\":\"ImageObject\",\"inLanguage\":\"pt-BR\",\"@id\":\"https:\\\/\\\/gastropedia.pub\\\/pt\\\/gastroenterologia\\\/diagnostico-de-intolerancia-a-lactose-o-que-o-gastroenterologista-precisa-saber\\\/#primaryimage\",\"url\":\"https:\\\/\\\/gastropedia.pub\\\/pt\\\/wp-content\\\/uploads\\\/2026\\\/04\\\/TESTE-RAPIDO-LACTASE.png\",\"contentUrl\":\"https:\\\/\\\/gastropedia.pub\\\/pt\\\/wp-content\\\/uploads\\\/2026\\\/04\\\/TESTE-RAPIDO-LACTASE.png\",\"width\":777,\"height\":518},{\"@type\":\"BreadcrumbList\",\"@id\":\"https:\\\/\\\/gastropedia.pub\\\/pt\\\/gastroenterologia\\\/diagnostico-de-intolerancia-a-lactose-o-que-o-gastroenterologista-precisa-saber\\\/#breadcrumb\",\"itemListElement\":[{\"@type\":\"ListItem\",\"position\":1,\"name\":\"In\u00edcio\",\"item\":\"https:\\\/\\\/gastropedia.pub\\\/pt\\\/\"},{\"@type\":\"ListItem\",\"position\":2,\"name\":\"Diagn\u00f3stico de intoler\u00e2ncia \u00e0 lactose: o que o gastroenterologista precisa saber\"}]},{\"@type\":\"WebSite\",\"@id\":\"https:\\\/\\\/gastropedia.pub\\\/pt\\\/#website\",\"url\":\"https:\\\/\\\/gastropedia.pub\\\/pt\\\/\",\"name\":\"Gastropedia\",\"description\":\"Atualiza\u00e7\u00e3o m\u00e9dica de forma descomplicada para profissionais que trabalham com sa\u00fade do aparelho digestivo.\",\"potentialAction\":[{\"@type\":\"SearchAction\",\"target\":{\"@type\":\"EntryPoint\",\"urlTemplate\":\"https:\\\/\\\/gastropedia.pub\\\/pt\\\/?s={search_term_string}\"},\"query-input\":{\"@type\":\"PropertyValueSpecification\",\"valueRequired\":true,\"valueName\":\"search_term_string\"}}],\"inLanguage\":\"pt-BR\"},{\"@type\":\"Person\",\"@id\":\"https:\\\/\\\/gastropedia.pub\\\/pt\\\/#\\\/schema\\\/person\\\/d89bd0eed0f1e56cbbf8042b73cd05ef\",\"name\":\"Marcela Terra\",\"image\":{\"@type\":\"ImageObject\",\"inLanguage\":\"pt-BR\",\"@id\":\"https:\\\/\\\/gastropedia.pub\\\/pt\\\/wp-content\\\/uploads\\\/2026\\\/03\\\/cropped-MARCELA-PAES-TERRA.png\",\"url\":\"https:\\\/\\\/gastropedia.pub\\\/pt\\\/wp-content\\\/uploads\\\/2026\\\/03\\\/cropped-MARCELA-PAES-TERRA.png\",\"contentUrl\":\"https:\\\/\\\/gastropedia.pub\\\/pt\\\/wp-content\\\/uploads\\\/2026\\\/03\\\/cropped-MARCELA-PAES-TERRA.png\",\"caption\":\"Marcela Terra\"},\"description\":\"Resid\u00eancia m\u00e9dica em gastroenterologia clinica e endoscopia digestiva pelo HCFMUSP T\u00edtulo de especialista FBG e SOBED\",\"url\":\"https:\\\/\\\/gastropedia.pub\\\/pt\\\/author\\\/mpaesr\\\/\"}]}<\/script>\n<!-- \/ Yoast SEO Premium plugin. -->","yoast_head_json":{"title":"Diagn\u00f3stico de intoler\u00e2ncia \u00e0 lactose: o que o gastroenterologista precisa saber - Gastropedia","robots":{"index":"index","follow":"follow","max-snippet":"max-snippet:-1","max-image-preview":"max-image-preview:large","max-video-preview":"max-video-preview:-1"},"canonical":"https:\/\/gastropedia.pub\/pt\/gastroenterologia\/diagnostico-de-intolerancia-a-lactose-o-que-o-gastroenterologista-precisa-saber\/","og_locale":"pt_BR","og_type":"article","og_title":"Diagn\u00f3stico de intoler\u00e2ncia \u00e0 lactose: o que o gastroenterologista precisa saber","og_description":"A intoler\u00e2ncia \u00e0 lactose \u00e9 uma condi\u00e7\u00e3o frequente na pr\u00e1tica do gastroenterologista, caracterizada por sintomas como distens\u00e3o abdominal, flatul\u00eancia, dor abdominal e diarreia. A forma mais comum \u00e9 a hipolactasia&hellip;","og_url":"https:\/\/gastropedia.pub\/pt\/gastroenterologia\/diagnostico-de-intolerancia-a-lactose-o-que-o-gastroenterologista-precisa-saber\/","og_site_name":"Gastropedia","article_published_time":"2026-04-23T09:00:00+00:00","og_image":[{"width":777,"height":518,"url":"https:\/\/gastropedia.pub\/pt\/wp-content\/uploads\/2026\/04\/TESTE-RAPIDO-LACTASE.png","type":"image\/png"}],"author":"Marcela Terra","twitter_card":"summary_large_image","twitter_misc":{"Escrito por":"Marcela Terra","Est. tempo de leitura":"8 minutos"},"schema":{"@context":"https:\/\/schema.org","@graph":[{"@type":"Article","@id":"https:\/\/gastropedia.pub\/pt\/gastroenterologia\/diagnostico-de-intolerancia-a-lactose-o-que-o-gastroenterologista-precisa-saber\/#article","isPartOf":{"@id":"https:\/\/gastropedia.pub\/pt\/gastroenterologia\/diagnostico-de-intolerancia-a-lactose-o-que-o-gastroenterologista-precisa-saber\/"},"author":{"name":"Marcela Terra","@id":"https:\/\/gastropedia.pub\/pt\/#\/schema\/person\/d89bd0eed0f1e56cbbf8042b73cd05ef"},"headline":"Diagn\u00f3stico de intoler\u00e2ncia \u00e0 lactose: o que o gastroenterologista precisa saber","datePublished":"2026-04-23T09:00:00+00:00","mainEntityOfPage":{"@id":"https:\/\/gastropedia.pub\/pt\/gastroenterologia\/diagnostico-de-intolerancia-a-lactose-o-que-o-gastroenterologista-precisa-saber\/"},"wordCount":1507,"commentCount":0,"image":{"@id":"https:\/\/gastropedia.pub\/pt\/gastroenterologia\/diagnostico-de-intolerancia-a-lactose-o-que-o-gastroenterologista-precisa-saber\/#primaryimage"},"thumbnailUrl":"https:\/\/gastropedia.pub\/pt\/wp-content\/uploads\/2026\/04\/TESTE-RAPIDO-LACTASE.png","articleSection":["Gastroenterologia","Intestino"],"inLanguage":"pt-BR","potentialAction":[{"@type":"CommentAction","name":"Comment","target":["https:\/\/gastropedia.pub\/pt\/gastroenterologia\/diagnostico-de-intolerancia-a-lactose-o-que-o-gastroenterologista-precisa-saber\/#respond"]}]},{"@type":"WebPage","@id":"https:\/\/gastropedia.pub\/pt\/gastroenterologia\/diagnostico-de-intolerancia-a-lactose-o-que-o-gastroenterologista-precisa-saber\/","url":"https:\/\/gastropedia.pub\/pt\/gastroenterologia\/diagnostico-de-intolerancia-a-lactose-o-que-o-gastroenterologista-precisa-saber\/","name":"Diagn\u00f3stico de intoler\u00e2ncia \u00e0 lactose: o que o gastroenterologista precisa saber - Gastropedia","isPartOf":{"@id":"https:\/\/gastropedia.pub\/pt\/#website"},"primaryImageOfPage":{"@id":"https:\/\/gastropedia.pub\/pt\/gastroenterologia\/diagnostico-de-intolerancia-a-lactose-o-que-o-gastroenterologista-precisa-saber\/#primaryimage"},"image":{"@id":"https:\/\/gastropedia.pub\/pt\/gastroenterologia\/diagnostico-de-intolerancia-a-lactose-o-que-o-gastroenterologista-precisa-saber\/#primaryimage"},"thumbnailUrl":"https:\/\/gastropedia.pub\/pt\/wp-content\/uploads\/2026\/04\/TESTE-RAPIDO-LACTASE.png","datePublished":"2026-04-23T09:00:00+00:00","author":{"@id":"https:\/\/gastropedia.pub\/pt\/#\/schema\/person\/d89bd0eed0f1e56cbbf8042b73cd05ef"},"breadcrumb":{"@id":"https:\/\/gastropedia.pub\/pt\/gastroenterologia\/diagnostico-de-intolerancia-a-lactose-o-que-o-gastroenterologista-precisa-saber\/#breadcrumb"},"inLanguage":"pt-BR","potentialAction":[{"@type":"ReadAction","target":["https:\/\/gastropedia.pub\/pt\/gastroenterologia\/diagnostico-de-intolerancia-a-lactose-o-que-o-gastroenterologista-precisa-saber\/"]}]},{"@type":"ImageObject","inLanguage":"pt-BR","@id":"https:\/\/gastropedia.pub\/pt\/gastroenterologia\/diagnostico-de-intolerancia-a-lactose-o-que-o-gastroenterologista-precisa-saber\/#primaryimage","url":"https:\/\/gastropedia.pub\/pt\/wp-content\/uploads\/2026\/04\/TESTE-RAPIDO-LACTASE.png","contentUrl":"https:\/\/gastropedia.pub\/pt\/wp-content\/uploads\/2026\/04\/TESTE-RAPIDO-LACTASE.png","width":777,"height":518},{"@type":"BreadcrumbList","@id":"https:\/\/gastropedia.pub\/pt\/gastroenterologia\/diagnostico-de-intolerancia-a-lactose-o-que-o-gastroenterologista-precisa-saber\/#breadcrumb","itemListElement":[{"@type":"ListItem","position":1,"name":"In\u00edcio","item":"https:\/\/gastropedia.pub\/pt\/"},{"@type":"ListItem","position":2,"name":"Diagn\u00f3stico de intoler\u00e2ncia \u00e0 lactose: o que o gastroenterologista precisa saber"}]},{"@type":"WebSite","@id":"https:\/\/gastropedia.pub\/pt\/#website","url":"https:\/\/gastropedia.pub\/pt\/","name":"Gastropedia","description":"Atualiza\u00e7\u00e3o m\u00e9dica de forma descomplicada para profissionais que trabalham com sa\u00fade do aparelho digestivo.","potentialAction":[{"@type":"SearchAction","target":{"@type":"EntryPoint","urlTemplate":"https:\/\/gastropedia.pub\/pt\/?s={search_term_string}"},"query-input":{"@type":"PropertyValueSpecification","valueRequired":true,"valueName":"search_term_string"}}],"inLanguage":"pt-BR"},{"@type":"Person","@id":"https:\/\/gastropedia.pub\/pt\/#\/schema\/person\/d89bd0eed0f1e56cbbf8042b73cd05ef","name":"Marcela Terra","image":{"@type":"ImageObject","inLanguage":"pt-BR","@id":"https:\/\/gastropedia.pub\/pt\/wp-content\/uploads\/2026\/03\/cropped-MARCELA-PAES-TERRA.png","url":"https:\/\/gastropedia.pub\/pt\/wp-content\/uploads\/2026\/03\/cropped-MARCELA-PAES-TERRA.png","contentUrl":"https:\/\/gastropedia.pub\/pt\/wp-content\/uploads\/2026\/03\/cropped-MARCELA-PAES-TERRA.png","caption":"Marcela Terra"},"description":"Resid\u00eancia m\u00e9dica em gastroenterologia clinica e endoscopia digestiva pelo HCFMUSP T\u00edtulo de especialista FBG e SOBED","url":"https:\/\/gastropedia.pub\/pt\/author\/mpaesr\/"}]}},"_links":{"self":[{"href":"https:\/\/gastropedia.pub\/pt\/wp-json\/wp\/v2\/posts\/11113","targetHints":{"allow":["GET"]}}],"collection":[{"href":"https:\/\/gastropedia.pub\/pt\/wp-json\/wp\/v2\/posts"}],"about":[{"href":"https:\/\/gastropedia.pub\/pt\/wp-json\/wp\/v2\/types\/post"}],"author":[{"embeddable":true,"href":"https:\/\/gastropedia.pub\/pt\/wp-json\/wp\/v2\/users\/5893"}],"replies":[{"embeddable":true,"href":"https:\/\/gastropedia.pub\/pt\/wp-json\/wp\/v2\/comments?post=11113"}],"version-history":[{"count":9,"href":"https:\/\/gastropedia.pub\/pt\/wp-json\/wp\/v2\/posts\/11113\/revisions"}],"predecessor-version":[{"id":11152,"href":"https:\/\/gastropedia.pub\/pt\/wp-json\/wp\/v2\/posts\/11113\/revisions\/11152"}],"wp:featuredmedia":[{"embeddable":true,"href":"https:\/\/gastropedia.pub\/pt\/wp-json\/wp\/v2\/media\/11117"}],"wp:attachment":[{"href":"https:\/\/gastropedia.pub\/pt\/wp-json\/wp\/v2\/media?parent=11113"}],"wp:term":[{"taxonomy":"category","embeddable":true,"href":"https:\/\/gastropedia.pub\/pt\/wp-json\/wp\/v2\/categories?post=11113"},{"taxonomy":"post_tag","embeddable":true,"href":"https:\/\/gastropedia.pub\/pt\/wp-json\/wp\/v2\/tags?post=11113"},{"taxonomy":"ano","embeddable":true,"href":"https:\/\/gastropedia.pub\/pt\/wp-json\/wp\/v2\/ano?post=11113"},{"taxonomy":"tipo","embeddable":true,"href":"https:\/\/gastropedia.pub\/pt\/wp-json\/wp\/v2\/tipo?post=11113"},{"taxonomy":"volume","embeddable":true,"href":"https:\/\/gastropedia.pub\/pt\/wp-json\/wp\/v2\/volume?post=11113"}],"curies":[{"name":"wp","href":"https:\/\/api.w.org\/{rel}","templated":true}]}}